{"id":691,"date":"2024-05-13T18:52:41","date_gmt":"2024-05-13T16:52:41","guid":{"rendered":"https:\/\/www.mevolution.fr\/oser-entreprendre\/?p=691"},"modified":"2024-05-13T18:54:20","modified_gmt":"2024-05-13T16:54:20","slug":"avoir-laudace-detre-soi-selon-albert-camus-2","status":"publish","type":"post","link":"https:\/\/www.mevolution.fr\/oser-entreprendre\/avoir-laudace-detre-soi-selon-albert-camus-2\/","title":{"rendered":"Avoir l\u2019audace d\u2019\u00eatre soi selon Albert Camus !"},"content":{"rendered":"\n<figure class=\"wp-block-embed is-type-video is-provider-youtube wp-block-embed-youtube wp-embed-aspect-4-3 wp-has-aspect-ratio\"><div class=\"wp-block-embed__wrapper\">\n<p class=\"responsive-video-wrap clr\"><iframe loading=\"lazy\" title=\"Les visiteur du soir\/ln24\" width=\"1200\" height=\"900\" src=\"https:\/\/www.youtube.com\/embed\/9-hv9rLFAus?feature=oembed\" frameborder=\"0\" allow=\"accelerometer; autoplay; clipboard-write; encrypted-media; gyroscope; picture-in-picture; web-share\" referrerpolicy=\"strict-origin-when-cross-origin\" allowfullscreen><\/iframe><\/p>\n<\/div><figcaption class=\"wp-element-caption\">L&rsquo;absolue justesse des mots de Camus<\/figcaption><\/figure>\n\n\n\n<p>Oser \u00eatre soi, se r\u00e9jouir de sa diff\u00e9rence, militer pour exister et exprimer l\u2019essence de ce qui nous fait vibrer ! Je me suis abandonn\u00e9 \u00e0 \u00e9couter ce texte de Camus, merveilleusement lu. En relayant cette vid\u00e9o, j\u2019ose affirmer ce qui m\u2019anime aujourd\u2019hui : l\u2019importance de lib\u00e9rer ce que l\u2019on est et ainsi devenir un contributeur de notre Terre.<\/p>\n\n\n\n<p>Merci \u00e0 vous d\u2019oser&nbsp;\u00eatre,&nbsp;d\u2019oser&nbsp;cr\u00e9er,&nbsp;d\u2019oser&nbsp;innover,&nbsp;d\u2019oser&nbsp;construire,&nbsp;d\u2019oser&nbsp;produire chacun dans vos domaines. Si \u00e0 tout hasard, vous pensez pouvoir faire plus ou mieux alors saisissez l\u2019opportunit\u00e9 que vous offrent ces quelques lignes et engagez vous \u00e0 r\u00e9v\u00e9ler ce que vous \u00eates et qui ne demande qu\u2019\u00e0 s\u2019exprimer.<\/p>\n","protected":false},"excerpt":{"rendered":"<p>Oser \u00eatre soi, se r\u00e9jouir de sa diff\u00e9rence, militer pour exister et exprimer l\u2019essence de ce qui nous fait vibrer ! Je me suis abandonn\u00e9 \u00e0 \u00e9couter ce texte de Camus, merveilleusement lu. En relayant cette vid\u00e9o, j\u2019ose affirmer ce qui m\u2019anime aujourd\u2019hui : l\u2019importance de lib\u00e9rer ce que l\u2019on est et ainsi devenir un contributeur de notre Terre.<\/p>\n","protected":false},"author":2,"featured_media":693,"comment_status":"open","ping_status":"open","sticky":false,"template":"","format":"standard","meta":{"ocean_post_layout":"","ocean_both_sidebars_style":"","ocean_both_sidebars_content_width":0,"ocean_both_sidebars_sidebars_width":0,"ocean_sidebar":"","ocean_second_sidebar":"","ocean_disable_margins":"enable","ocean_add_body_class":"","ocean_shortcode_before_top_bar":"","ocean_shortcode_after_top_bar":"","ocean_shortcode_before_header":"","ocean_shortcode_after_header":"","ocean_has_shortcode":"","ocean_shortcode_after_title":"","ocean_shortcode_before_footer_widgets":"","ocean_shortcode_after_footer_widgets":"","ocean_shortcode_before_footer_bottom":"","ocean_shortcode_after_footer_bottom":"","ocean_display_top_bar":"default","ocean_display_header":"default","ocean_header_style":"","ocean_center_header_left_menu":"","ocean_custom_header_template":"","ocean_custom_logo":0,"ocean_custom_retina_logo":0,"ocean_custom_logo_max_width":0,"ocean_custom_logo_tablet_max_width":0,"ocean_custom_logo_mobile_max_width":0,"ocean_custom_logo_max_height":0,"ocean_custom_logo_tablet_max_height":0,"ocean_custom_logo_mobile_max_height":0,"ocean_header_custom_menu":"","ocean_menu_typo_font_family":"","ocean_menu_typo_font_subset":"","ocean_menu_typo_font_size":0,"ocean_menu_typo_font_size_tablet":0,"ocean_menu_typo_font_size_mobile":0,"ocean_menu_typo_font_size_unit":"px","ocean_menu_typo_font_weight":"","ocean_menu_typo_font_weight_tablet":"","ocean_menu_typo_font_weight_mobile":"","ocean_menu_typo_transform":"","ocean_menu_typo_transform_tablet":"","ocean_menu_typo_transform_mobile":"","ocean_menu_typo_line_height":0,"ocean_menu_typo_line_height_tablet":0,"ocean_menu_typo_line_height_mobile":0,"ocean_menu_typo_line_height_unit":"","ocean_menu_typo_spacing":0,"ocean_menu_typo_spacing_tablet":0,"ocean_menu_typo_spacing_mobile":0,"ocean_menu_typo_spacing_unit":"","ocean_menu_link_color":"","ocean_menu_link_color_hover":"","ocean_menu_link_color_active":"","ocean_menu_link_background":"","ocean_menu_link_hover_background":"","ocean_menu_link_active_background":"","ocean_menu_social_links_bg":"","ocean_menu_social_hover_links_bg":"","ocean_menu_social_links_color":"","ocean_menu_social_hover_links_color":"","ocean_disable_title":"default","ocean_disable_heading":"default","ocean_post_title":"","ocean_post_subheading":"","ocean_post_title_style":"","ocean_post_title_background_color":"","ocean_post_title_background":0,"ocean_post_title_bg_image_position":"","ocean_post_title_bg_image_attachment":"","ocean_post_title_bg_image_repeat":"","ocean_post_title_bg_image_size":"","ocean_post_title_height":0,"ocean_post_title_bg_overlay":0.5,"ocean_post_title_bg_overlay_color":"","ocean_disable_breadcrumbs":"default","ocean_breadcrumbs_color":"","ocean_breadcrumbs_separator_color":"","ocean_breadcrumbs_links_color":"","ocean_breadcrumbs_links_hover_color":"","ocean_display_footer_widgets":"default","ocean_display_footer_bottom":"default","ocean_custom_footer_template":"","ocean_post_oembed":"","ocean_post_self_hosted_media":"","ocean_post_video_embed":"","ocean_link_format":"","ocean_link_format_target":"self","ocean_quote_format":"","ocean_quote_format_link":"post","ocean_gallery_link_images":"on","ocean_gallery_id":[],"footnotes":""},"categories":[6],"tags":[44,46,45],"class_list":["post-691","post","type-post","status-publish","format-standard","has-post-thumbnail","hentry","category-temoignages-inspirants","tag-albert-camus","tag-audace","tag-etre-soi","entry","has-media"],"_links":{"self":[{"href":"https:\/\/www.mevolution.fr\/oser-entreprendre\/wp-json\/wp\/v2\/posts\/691","targetHints":{"allow":["GET"]}}],"collection":[{"href":"https:\/\/www.mevolution.fr\/oser-entreprendre\/wp-json\/wp\/v2\/posts"}],"about":[{"href":"https:\/\/www.mevolution.fr\/oser-entreprendre\/wp-json\/wp\/v2\/types\/post"}],"author":[{"embeddable":true,"href":"https:\/\/www.mevolution.fr\/oser-entreprendre\/wp-json\/wp\/v2\/users\/2"}],"replies":[{"embeddable":true,"href":"https:\/\/www.mevolution.fr\/oser-entreprendre\/wp-json\/wp\/v2\/comments?post=691"}],"version-history":[{"count":1,"href":"https:\/\/www.mevolution.fr\/oser-entreprendre\/wp-json\/wp\/v2\/posts\/691\/revisions"}],"predecessor-version":[{"id":692,"href":"https:\/\/www.mevolution.fr\/oser-entreprendre\/wp-json\/wp\/v2\/posts\/691\/revisions\/692"}],"wp:featuredmedia":[{"embeddable":true,"href":"https:\/\/www.mevolution.fr\/oser-entreprendre\/wp-json\/wp\/v2\/media\/693"}],"wp:attachment":[{"href":"https:\/\/www.mevolution.fr\/oser-entreprendre\/wp-json\/wp\/v2\/media?parent=691"}],"wp:term":[{"taxonomy":"category","embeddable":true,"href":"https:\/\/www.mevolution.fr\/oser-entreprendre\/wp-json\/wp\/v2\/categories?post=691"},{"taxonomy":"post_tag","embeddable":true,"href":"https:\/\/www.mevolution.fr\/oser-entreprendre\/wp-json\/wp\/v2\/tags?post=691"}],"curies":[{"name":"wp","href":"https:\/\/api.w.org\/{rel}","templated":true}]}}