{"id":511,"date":"2023-10-17T11:49:26","date_gmt":"2023-10-17T09:49:26","guid":{"rendered":"https:\/\/www.mevolution.fr\/oser-entreprendre\/?p=511"},"modified":"2023-11-29T08:18:08","modified_gmt":"2023-11-29T07:18:08","slug":"oser-faire-confiance","status":"publish","type":"post","link":"https:\/\/www.mevolution.fr\/oser-entreprendre\/oser-faire-confiance\/","title":{"rendered":"Oser faire confiance"},"content":{"rendered":"<div class=\"wp-block-image\">\n<figure class=\"alignleft size-large is-resized\"><img loading=\"lazy\" decoding=\"async\" width=\"851\" height=\"1024\" src=\"https:\/\/www.mevolution.fr\/oser-entreprendre\/wp-content\/uploads\/2023\/10\/Emmanuel-Delessert-851x1024.jpg\" alt=\"\" class=\"wp-image-512\" style=\"width:174px;height:auto\" srcset=\"https:\/\/www.mevolution.fr\/oser-entreprendre\/wp-content\/uploads\/2023\/10\/Emmanuel-Delessert-851x1024.jpg 851w, https:\/\/www.mevolution.fr\/oser-entreprendre\/wp-content\/uploads\/2023\/10\/Emmanuel-Delessert-249x300.jpg 249w, https:\/\/www.mevolution.fr\/oser-entreprendre\/wp-content\/uploads\/2023\/10\/Emmanuel-Delessert-768x924.jpg 768w, https:\/\/www.mevolution.fr\/oser-entreprendre\/wp-content\/uploads\/2023\/10\/Emmanuel-Delessert-1277x1536.jpg 1277w, https:\/\/www.mevolution.fr\/oser-entreprendre\/wp-content\/uploads\/2023\/10\/Emmanuel-Delessert-1702x2048.jpg 1702w\" sizes=\"auto, (max-width: 851px) 100vw, 851px\" \/><\/figure>\n<\/div>\n\n\n<p>Je souhaite aujourd&rsquo;hui mettre en avant Emmanuel Delessert, philosophe et auteur du livre <a href=\"https:\/\/www.decitre.fr\/livres\/oser-faire-confiance-9782220096629.html\" data-type=\"link\" data-id=\"https:\/\/www.decitre.fr\/livres\/oser-faire-confiance-9782220096629.html\">Oser faire confiance<\/a>. Dans ses propos, il explique la diff\u00e9rence entre \u00ab\u00a0avoir confiance\u00a0\u00bb et \u00ab\u00a0faire confiance\u00a0\u00bb.<\/p>\n\n\n\n<blockquote class=\"wp-block-quote is-layout-flow wp-block-quote-is-layout-flow\">\n<p>A<strong><em>u c\u0153ur de toute aventure collective, qu&rsquo;elle soit culturelle, associative ou professionnelle, la valeur \u00ab confiance \u00bb joue un r\u00f4le central. Elle est le ferment, le liant indispensable qui peut donner \u00e0 l&rsquo;ensemble de la d\u00e9marche un sens effectif, une raison d&rsquo;exister et contribuer fortement \u00e0 son efficacit\u00e9. En d\u00e9pit d&rsquo;un consensus assez \u00e9tabli sur l&rsquo;importance de cette valeur dans la vie de tous les collectifs, sa mise en \u0153uvre concr\u00e8te demeure toujours assez probl\u00e9matique, en raison d&rsquo;un a priori assez d\u00e9favorable qui l&rsquo;accompagne. La confiance est en effet souvent associ\u00e9e \u00e0 une forme de cr\u00e9dulit\u00e9, de fragilit\u00e9, voire de na\u00efvet\u00e9, ce qui conduit \u00e0 vouloir la contr\u00f4ler, la limiter ou la garantir par de multiples biais. De l\u00e0, la dimension souvent paradoxale d&rsquo;environnements o\u00f9 la valeur confiance, affich\u00e9e et pl\u00e9biscit\u00e9e, est finalement annihil\u00e9e sur le terrain par des strat\u00e9gies constantes de r\u00e9assurance. La raison principale de ce d\u00e9calage provient d&rsquo;une compr\u00e9hension insuffisante de la valeur \u00ab confiance \u00bb et d&rsquo;une confusion importante entre deux usages du m\u00eame mot, qu&rsquo;il para\u00eet indispensable de distinguer. La \u00ab confiance \u00bb, d&rsquo;un c\u00f4t\u00e9 et \u00ab faire confiance \u00bb de l&rsquo;autre. Volontiers confondues, ces deux expressions renvoient cependant \u00e0 deux univers totalement oppos\u00e9s et \u00e0 deux mani\u00e8res d&rsquo;agir tout \u00e0 fait inconciliables. La confiance est un sentiment de s\u00e9curit\u00e9 qui renvoie \u00e0 une vision du monde d\u00e9gag\u00e9e de toute forme d&rsquo;incertitude, tandis que faire confiance d\u00e9signe un acte puissant, par lequel deux libert\u00e9s s&rsquo;engagent ensemble sur une voie dont le risque ne saurait \u00eatre \u00e9vacu\u00e9. L&rsquo;id\u00e9e sera donc de d\u00e9partager de mani\u00e8re d\u00e9finitive ces deux usages, afin de consacrer la puissance d&rsquo;un \u00ab faire confiance \u00bb, source de reconnaissance et de mise en puissance de son entourage autant que de soi- m\u00eame.<\/em><\/strong><\/p>\n<cite>Emmanuel Delessert<\/cite><\/blockquote>\n","protected":false},"excerpt":{"rendered":"<p>Je souhaite aujourd&rsquo;hui mettre en avant Emmanuel Delessert, philosophe et auteur du livre Oser faire confiance. Dans ses propos, il explique la diff\u00e9rence entre \u00ab\u00a0avoir confiance\u00a0\u00bb et \u00ab\u00a0faire confiance\u00a0\u00bb. Au c\u0153ur de toute aventure collective, qu&rsquo;elle soit culturelle, associative ou professionnelle, la valeur \u00ab confiance \u00bb joue un r\u00f4le central. Elle est le ferment, le [&hellip;]<\/p>\n","protected":false},"author":2,"featured_media":512,"comment_status":"open","ping_status":"open","sticky":false,"template":"","format":"standard","meta":{"ocean_post_layout":"","ocean_both_sidebars_style":"","ocean_both_sidebars_content_width":0,"ocean_both_sidebars_sidebars_width":0,"ocean_sidebar":"","ocean_second_sidebar":"","ocean_disable_margins":"enable","ocean_add_body_class":"","ocean_shortcode_before_top_bar":"","ocean_shortcode_after_top_bar":"","ocean_shortcode_before_header":"","ocean_shortcode_after_header":"","ocean_has_shortcode":"","ocean_shortcode_after_title":"","ocean_shortcode_before_footer_widgets":"","ocean_shortcode_after_footer_widgets":"","ocean_shortcode_before_footer_bottom":"","ocean_shortcode_after_footer_bottom":"","ocean_display_top_bar":"default","ocean_display_header":"default","ocean_header_style":"","ocean_center_header_left_menu":"","ocean_custom_header_template":"","ocean_custom_logo":0,"ocean_custom_retina_logo":0,"ocean_custom_logo_max_width":0,"ocean_custom_logo_tablet_max_width":0,"ocean_custom_logo_mobile_max_width":0,"ocean_custom_logo_max_height":0,"ocean_custom_logo_tablet_max_height":0,"ocean_custom_logo_mobile_max_height":0,"ocean_header_custom_menu":"","ocean_menu_typo_font_family":"","ocean_menu_typo_font_subset":"","ocean_menu_typo_font_size":0,"ocean_menu_typo_font_size_tablet":0,"ocean_menu_typo_font_size_mobile":0,"ocean_menu_typo_font_size_unit":"px","ocean_menu_typo_font_weight":"","ocean_menu_typo_font_weight_tablet":"","ocean_menu_typo_font_weight_mobile":"","ocean_menu_typo_transform":"","ocean_menu_typo_transform_tablet":"","ocean_menu_typo_transform_mobile":"","ocean_menu_typo_line_height":0,"ocean_menu_typo_line_height_tablet":0,"ocean_menu_typo_line_height_mobile":0,"ocean_menu_typo_line_height_unit":"","ocean_menu_typo_spacing":0,"ocean_menu_typo_spacing_tablet":0,"ocean_menu_typo_spacing_mobile":0,"ocean_menu_typo_spacing_unit":"","ocean_menu_link_color":"","ocean_menu_link_color_hover":"","ocean_menu_link_color_active":"","ocean_menu_link_background":"","ocean_menu_link_hover_background":"","ocean_menu_link_active_background":"","ocean_menu_social_links_bg":"","ocean_menu_social_hover_links_bg":"","ocean_menu_social_links_color":"","ocean_menu_social_hover_links_color":"","ocean_disable_title":"default","ocean_disable_heading":"default","ocean_post_title":"","ocean_post_subheading":"","ocean_post_title_style":"","ocean_post_title_background_color":"","ocean_post_title_background":0,"ocean_post_title_bg_image_position":"","ocean_post_title_bg_image_attachment":"","ocean_post_title_bg_image_repeat":"","ocean_post_title_bg_image_size":"","ocean_post_title_height":0,"ocean_post_title_bg_overlay":0.5,"ocean_post_title_bg_overlay_color":"","ocean_disable_breadcrumbs":"default","ocean_breadcrumbs_color":"","ocean_breadcrumbs_separator_color":"","ocean_breadcrumbs_links_color":"","ocean_breadcrumbs_links_hover_color":"","ocean_display_footer_widgets":"default","ocean_display_footer_bottom":"default","ocean_custom_footer_template":"","ocean_post_oembed":"","ocean_post_self_hosted_media":"","ocean_post_video_embed":"","ocean_link_format":"","ocean_link_format_target":"self","ocean_quote_format":"","ocean_quote_format_link":"post","ocean_gallery_link_images":"on","ocean_gallery_id":[],"footnotes":""},"categories":[7,8],"tags":[57,59,58,47],"class_list":["post-511","post","type-post","status-publish","format-standard","has-post-thumbnail","hentry","category-outils-de-management","category-partages-dexperiences","tag-confiance","tag-emmanuel-delessert","tag-faire-confiance","tag-oser","entry","has-media"],"_links":{"self":[{"href":"https:\/\/www.mevolution.fr\/oser-entreprendre\/wp-json\/wp\/v2\/posts\/511","targetHints":{"allow":["GET"]}}],"collection":[{"href":"https:\/\/www.mevolution.fr\/oser-entreprendre\/wp-json\/wp\/v2\/posts"}],"about":[{"href":"https:\/\/www.mevolution.fr\/oser-entreprendre\/wp-json\/wp\/v2\/types\/post"}],"author":[{"embeddable":true,"href":"https:\/\/www.mevolution.fr\/oser-entreprendre\/wp-json\/wp\/v2\/users\/2"}],"replies":[{"embeddable":true,"href":"https:\/\/www.mevolution.fr\/oser-entreprendre\/wp-json\/wp\/v2\/comments?post=511"}],"version-history":[{"count":4,"href":"https:\/\/www.mevolution.fr\/oser-entreprendre\/wp-json\/wp\/v2\/posts\/511\/revisions"}],"predecessor-version":[{"id":596,"href":"https:\/\/www.mevolution.fr\/oser-entreprendre\/wp-json\/wp\/v2\/posts\/511\/revisions\/596"}],"wp:featuredmedia":[{"embeddable":true,"href":"https:\/\/www.mevolution.fr\/oser-entreprendre\/wp-json\/wp\/v2\/media\/512"}],"wp:attachment":[{"href":"https:\/\/www.mevolution.fr\/oser-entreprendre\/wp-json\/wp\/v2\/media?parent=511"}],"wp:term":[{"taxonomy":"category","embeddable":true,"href":"https:\/\/www.mevolution.fr\/oser-entreprendre\/wp-json\/wp\/v2\/categories?post=511"},{"taxonomy":"post_tag","embeddable":true,"href":"https:\/\/www.mevolution.fr\/oser-entreprendre\/wp-json\/wp\/v2\/tags?post=511"}],"curies":[{"name":"wp","href":"https:\/\/api.w.org\/{rel}","templated":true}]}}